{"id":3240,"date":"2020-06-17T13:23:23","date_gmt":"2020-06-17T16:23:23","guid":{"rendered":"https:\/\/www.cuatrogiros.com\/4G\/?p=3240"},"modified":"2020-06-17T13:23:25","modified_gmt":"2020-06-17T16:23:25","slug":"en-esta-van-separados-vidal-positivo-larreta-negativo","status":"publish","type":"post","link":"https:\/\/www.cuatrogiros.com\/4G\/en-esta-van-separados-vidal-positivo-larreta-negativo\/","title":{"rendered":"En \u00e9sta van separados: Vidal positivo, Larreta negativo"},"content":{"rendered":"\n<p><em>\u00abMariu\u00bb hab\u00eda estado en contacto con el diputado bonaerense <strong>Alex Campbell<\/strong> quien el lunes confirm\u00f3 que estaba infectado de coronavirus. El viernes pasado la ex mandataria provincial estuvo reunida con <strong>Horacio Rodr\u00edguez Larreta<\/strong>, quien se hizo el test y por ahora zaf\u00f3.<\/em><\/p>\n\n\n\n<p>La ex gobernadora de la provincia de Buenos Aires dio positivo de coronavirus y\u00a0 sacudi\u00f3 al sector pol\u00edtico del pa\u00eds. La referente de Juntos por el Cambio hab\u00eda estado en contacto con el diputado bonaerense <strong>Alex Campbell<\/strong>, quien el lunes se confirm\u00f3 que estaba infectado tras haber estado reunido con dirigentes cercanos a <strong>Mart\u00edn Insaurralde<\/strong>. A su vez, ella comparti\u00f3 un encuentro con <strong>Horacio Rodr\u00edguez Larreta, quien anoticiado de esto decidi\u00f3 hacerse<\/strong> el test, y dio negativo.<\/p>\n\n\n\n<p><strong>Vidal se encuentra en buen estado de salud y hasta el momento tampoco present\u00f3 cuadro febril. <\/strong>El lunes a \u00faltima hora, Campbell confirm\u00f3 a trav\u00e9s de sus redes sociales que hab\u00eda dado positivo de COVID-19. El diputado hab\u00eda mantenido reuniones con funcionarios del entorno del intendente de Lomas de Zamora, a quien se le diagnostic\u00f3 coronavirus la semana pasada. Todos los legisladores y dirigentes que estuvieron reunidos con Campbell fueron testeados por precauci\u00f3n, entre ellos Vidal a quien se le confirm\u00f3 la enfermedad el martes a \u00faltima hora.<\/p>\n\n\n\n<p><em>\u201cQuiero contarles que hace un par de horas me confirmaron el diagn\u00f3stico de COVID-19 positivo. Cu\u00eddense y cuiden a sus familias\u201d, <\/em>confirm\u00f3 Vidal a trav\u00e9s de sus redes. La atenci\u00f3n est\u00e1 puesta en los contactos que mantuvo la ex gobernadora en los \u00faltimos d\u00edas. El \u00faltimo viernes compartieron una comida con Vidal, el jefe de Gobierno de la Ciudad de Buenos Aires, <strong>Horacio Rodr\u00edguez Larreta<\/strong>, el senador nacional <strong>Mart\u00edn Lousteau<\/strong> y el ex titular de la C\u00e1mara de Diputados de la Naci\u00f3n, <strong>Emilio Monz\u00f3<\/strong>. Larreta por su parte almorz\u00f3 este martes con el ex jefe de Gabinete, <strong>Marcos Pe\u00f1a<\/strong>.<\/p>\n\n\n\n<p>Desde el entorno de Lousteau informaron que en el encuentro que compartieron los referentes de Juntos por el Cambio, el viernes pasado en la sede del Gobierno porte\u00f1o de Uspallata, <em>\u201cse mantuvo mucho m\u00e1s que la distancia social\u201d<\/em>. Si bien aclararon que por las medidas preventivas, el senador no contar\u00eda como contacto estrecho, <em>\u201csi hay recomendaci\u00f3n m\u00e9dica, se va a hacer el test\u201d<\/em>.<\/p>\n\n\n\n<p>El jefe de Gobierno de la Ciudad de Buenos Aires, <strong>Horacio Rodr\u00edguez Larreta<\/strong>, se realiz\u00f3 un test de coronavirus cuyo resultado fue negativo. El dirigente de Cambiemos hab\u00eda almorzado el viernes pasado con la ex gobernadora <strong>Mar\u00eda Eugenia Vidal<\/strong>. Si bien no hab\u00eda sido considerado un contacto estrecho, se realiz\u00f3 el examen para descartar que hubiera contra\u00eddo la enfermedad.\u00a0\u00a0<\/p>\n","protected":false},"excerpt":{"rendered":"<p>\u00abMariu\u00bb hab\u00eda estado en contacto con el diputado bonaerense Alex Campbell quien el lunes confirm\u00f3 que estaba infectado de coronavirus. El viernes pasado la ex mandataria provincial estuvo reunida con Horacio Rodr\u00edguez Larreta, quien se hizo el test y por ahora zaf\u00f3. La ex gobernadora&#8230;<\/p>\n","protected":false},"author":1,"featured_media":3241,"comment_status":"open","ping_status":"open","sticky":false,"template":"","format":"standard","meta":{"footnotes":""},"categories":[6,166],"tags":[94,114,132],"_links":{"self":[{"href":"https:\/\/www.cuatrogiros.com\/4G\/wp-json\/wp\/v2\/posts\/3240"}],"collection":[{"href":"https:\/\/www.cuatrogiros.com\/4G\/wp-json\/wp\/v2\/posts"}],"about":[{"href":"https:\/\/www.cuatrogiros.com\/4G\/wp-json\/wp\/v2\/types\/post"}],"author":[{"embeddable":true,"href":"https:\/\/www.cuatrogiros.com\/4G\/wp-json\/wp\/v2\/users\/1"}],"replies":[{"embeddable":true,"href":"https:\/\/www.cuatrogiros.com\/4G\/wp-json\/wp\/v2\/comments?post=3240"}],"version-history":[{"count":1,"href":"https:\/\/www.cuatrogiros.com\/4G\/wp-json\/wp\/v2\/posts\/3240\/revisions"}],"predecessor-version":[{"id":3242,"href":"https:\/\/www.cuatrogiros.com\/4G\/wp-json\/wp\/v2\/posts\/3240\/revisions\/3242"}],"wp:featuredmedia":[{"embeddable":true,"href":"https:\/\/www.cuatrogiros.com\/4G\/wp-json\/wp\/v2\/media\/3241"}],"wp:attachment":[{"href":"https:\/\/www.cuatrogiros.com\/4G\/wp-json\/wp\/v2\/media?parent=3240"}],"wp:term":[{"taxonomy":"category","embeddable":true,"href":"https:\/\/www.cuatrogiros.com\/4G\/wp-json\/wp\/v2\/categories?post=3240"},{"taxonomy":"post_tag","embeddable":true,"href":"https:\/\/www.cuatrogiros.com\/4G\/wp-json\/wp\/v2\/tags?post=3240"}],"curies":[{"name":"wp","href":"https:\/\/api.w.org\/{rel}","templated":true}]}}