{"id":6389,"date":"2023-05-23T14:05:54","date_gmt":"2023-05-23T17:05:54","guid":{"rendered":"https:\/\/www.cuatrogiros.com\/4G\/?p=6389"},"modified":"2024-04-17T21:24:14","modified_gmt":"2024-04-18T00:24:14","slug":"los-bonaerenses-no-tenemos-mas-margen-de-seguir-siendo-gobernados-por-portenos","status":"publish","type":"post","link":"https:\/\/www.cuatrogiros.com\/4G\/los-bonaerenses-no-tenemos-mas-margen-de-seguir-siendo-gobernados-por-portenos\/","title":{"rendered":"\u201cLos bonaerenses no tenemos m\u00e1s margen de seguir siendo gobernados por porte\u00f1os\u201d"},"content":{"rendered":"<p><em>El armador de Patricia Bullrich en PBA pas\u00f3 por Cuatro Giros Radio y habl\u00f3 de la interna del PRO en la provincia y a nivel nacional, a la vez que apunt\u00f3 contra el gobierno de Axel Kicillof. Marc\u00f3 diferencias entre Grindetti y Santilli.<\/em><\/p>\n<p>El diputado nacional y armador pol\u00edtico de Patricia Bullrich en la provincia de Buenos Aires, Sebasti\u00e1n Garc\u00eda de Luca, asegur\u00f3 que \u201chay que desdramatizar que existe una interna y hay dos versiones dentro de un espacio\u201d en referencia a la disputa que se avecina en el Pro dentro de las PASO entre el candidato de Horacio Rodriguez Larreta, Diego Santilli y el de la ex ministra de Seguridad, N\u00e9stor Grindetti, en la arena bonaerense.<\/p>\n<p>En di\u00e1logo con Cuatro Giros en radio Late, De Luca reivindic\u00f3 la reciente designaci\u00f3n de Bullrich hacia el actual intendente de Lan\u00fas. \u201cUn candidato que viene de ser intendente me parece que es un detalle que no es menor. Hace falta alguien que conozca de gesti\u00f3n\u201d, sostuvo.<\/p>\n<p><img decoding=\"async\" class=\"aligncenter\" src=\"https:\/\/www.lavoz.com.ar\/resizer\/vnvv3HLo2DFx7jEtsjkatO6BFzQ=\/980x640\/smart\/filters:quality(75):format(webp)\/cloudfront-us-east-1.images.arcpublishing.com\/grupoclarin\/WHE5B5LRMJB7TF7XDZZZMNKQAE.jpg\" alt=\"No hay dudas de que Macri quiere ganar en C\u00f3rdoba\u201d\" \/><\/p>\n<p>\u201cOjal\u00e1 ganemos la interna y que N\u00e9stor Grindetti sea el gobernador de la provincia de Buenos Aires\u201d, agreg\u00f3 el diputado y descalific\u00f3 a Santilli por no ser bonaerense de raza: \u201cNo tenemos m\u00e1s margen los bonaerenses de seguir siendo gobernados por los porte\u00f1os\u201d.<\/p>\n<p>En ese sentido, analiz\u00f3 que \u201cSantilli tendr\u00e1 otras propuestas e ideas, pero nosotros creemos que tiene que haber un bonaerense que conozca las herramientas\u201d.<\/p>\n<p>Por otro lado, se refiri\u00f3 a Cristian Ritondo, quien era uno de los apuntados para ser el elegido de Patricia Bullrich luego de que Mar\u00eda Eugenia Vidal baje su candidatura como presidenta de la Naci\u00f3n pero finalmente no lo fue. Al parecer, Ritondo qued\u00f3 molesto con la designaci\u00f3n de Grindetti y comenz\u00f3 tratativas con el sector de Santilli. Sin embargo, De Luca cont\u00f3: \u201cEstamos hablando con Cristian. \u00c9l ha manifestado reiteradas veces que, despu\u00e9s de Vidal, Bullrich es la indicada para dirigir el pa\u00eds. Estoy convencido de que se puede lograr un acuerdo con Cristian y qu\u00e9 \u00e9l sea el pr\u00f3ximo presidente de la C\u00e1mara de Diputados\u201d.<\/p>\n<p><img decoding=\"async\" class=\"aligncenter\" src=\"https:\/\/rivadavia.com.ar\/media\/k2\/items\/cache\/d76df57a22b9b18b3631e95e98f4ce49_M.webp\" alt=\"Garc\u00eda de Luca: &quot;Parece que Carri\u00f3 le hace el juego al kirchnerismo&quot; -  Radio Rivadavia AM630\" \/><\/p>\n<p>Para finalizar, Sebasti\u00e1n De Luca analiz\u00f3 el factor Javier Milei para las pr\u00f3ximas elecciones: \u201cMilei representa una bronca de la sociedad hacia el sistema pol\u00edtico. No es una elecci\u00f3n por propuestas, sino por el hartazgo y la bronca\u201d, concluy\u00f3.<\/p>\n","protected":false},"excerpt":{"rendered":"<p>El armador de Patricia Bullrich en PBA pas\u00f3 por Cuatro Giros Radio y habl\u00f3 de la interna del PRO en la provincia y a nivel nacional, a la vez que apunt\u00f3 contra el gobierno de Axel Kicillof. Marc\u00f3 diferencias entre Grindetti y Santilli. El diputado&#8230;<\/p>\n","protected":false},"author":4,"featured_media":6390,"comment_status":"open","ping_status":"open","sticky":false,"template":"","format":"standard","meta":{"footnotes":""},"categories":[6,770],"tags":[338,908,89,798,670,795,907,800,823,880,910,824,909,876,334,875],"_links":{"self":[{"href":"https:\/\/www.cuatrogiros.com\/4G\/wp-json\/wp\/v2\/posts\/6389"}],"collection":[{"href":"https:\/\/www.cuatrogiros.com\/4G\/wp-json\/wp\/v2\/posts"}],"about":[{"href":"https:\/\/www.cuatrogiros.com\/4G\/wp-json\/wp\/v2\/types\/post"}],"author":[{"embeddable":true,"href":"https:\/\/www.cuatrogiros.com\/4G\/wp-json\/wp\/v2\/users\/4"}],"replies":[{"embeddable":true,"href":"https:\/\/www.cuatrogiros.com\/4G\/wp-json\/wp\/v2\/comments?post=6389"}],"version-history":[{"count":1,"href":"https:\/\/www.cuatrogiros.com\/4G\/wp-json\/wp\/v2\/posts\/6389\/revisions"}],"predecessor-version":[{"id":6391,"href":"https:\/\/www.cuatrogiros.com\/4G\/wp-json\/wp\/v2\/posts\/6389\/revisions\/6391"}],"wp:featuredmedia":[{"embeddable":true,"href":"https:\/\/www.cuatrogiros.com\/4G\/wp-json\/wp\/v2\/media\/6390"}],"wp:attachment":[{"href":"https:\/\/www.cuatrogiros.com\/4G\/wp-json\/wp\/v2\/media?parent=6389"}],"wp:term":[{"taxonomy":"category","embeddable":true,"href":"https:\/\/www.cuatrogiros.com\/4G\/wp-json\/wp\/v2\/categories?post=6389"},{"taxonomy":"post_tag","embeddable":true,"href":"https:\/\/www.cuatrogiros.com\/4G\/wp-json\/wp\/v2\/tags?post=6389"}],"curies":[{"name":"wp","href":"https:\/\/api.w.org\/{rel}","templated":true}]}}