{"id":6472,"date":"2023-06-27T15:14:30","date_gmt":"2023-06-27T18:14:30","guid":{"rendered":"https:\/\/www.cuatrogiros.com\/4G\/?p=6472"},"modified":"2024-04-17T21:20:02","modified_gmt":"2024-04-18T00:20:02","slug":"el-candidato-de-larreta-en-caba-es-jorge-macri","status":"publish","type":"post","link":"https:\/\/www.cuatrogiros.com\/4G\/el-candidato-de-larreta-en-caba-es-jorge-macri\/","title":{"rendered":"\u201cEl candidato de Larreta en CABA es Jorge Macri\u201d"},"content":{"rendered":"<p><em>El Secretario de Asuntos P\u00fablicos de CABA y precandidato por el Parlasur asegur\u00f3 que de cara a las PASO el ex intendente de Vicente L\u00f3pez es el nombre del oficialismo. Enfrentar\u00e1 a Mart\u00edn Lousteau de Evoluci\u00f3n, espacio pol\u00edtico del radicalismo que sell\u00f3 un acuerdo con el jefe porte\u00f1o y que se sintetiza con la incorporaci\u00f3n de Gerardo Morales en la f\u00f3rmula presidencial.<\/em><\/p>\n<p>\u201c\u00c9l tiene una buena relaci\u00f3n con Lousteau pero su candidato es Jorge Macri\u201d, aclar\u00f3 Wolff en Cuatro Giros Radio por Late sobre la relaci\u00f3n del precandidato a presidente de la Naci\u00f3n con el actual senador nacional. Adem\u00e1s, relativiz\u00f3 que venga de Vicente L\u00f3pez y sea candidato a alcalde porte\u00f1o: \u201cJorge entona la m\u00fasica ideal para ser el pr\u00f3ximo jefe de Gobierno de la Ciudad\u201d.<\/p>\n<p><img loading=\"lazy\" decoding=\"async\" class=\"aligncenter\" src=\"https:\/\/media.infocielo.com\/p\/23533e7e442575d35f39b88aa968deef\/adjuntos\/299\/imagenes\/000\/817\/0000817339\/1200x675\/smart\/waldo-wolffpng.png\" alt=\"Waldo Wolff y una denuncia selectiva | Infocielo\" width=\"558\" height=\"314\" \/><\/p>\n<p>En tanto, se refiri\u00f3 a la impugnaci\u00f3n que realiz\u00f3 la izquierda sobre la mencionada candidatura. \u201cPresentaremos todos los papeles y los avales. Hay que esperar a que se expida la Justicia\u201d, explic\u00f3 y sostuvo: \u201cNo se va a presentar Jorge si no tiene todo en orden y estamos absolutamente convencidos de que cumple con todos los requisitos\u201d.<\/p>\n<p>Por otro lado, no coincidi\u00f3 con que la candidatura de Sergio Massa por Uni\u00f3n por la Patria perjudique a Larreta, como algunos especulan. \u201cMe da lo mismo. Massa es Cristina\u201d, lanz\u00f3.<\/p>\n<p>Siguiendo con la agenda marcada por comicios provinciales, para Wolff, Luis Juez \u201chizo una gran elecci\u00f3n en C\u00f3rdoba\u201d. Lament\u00f3 que no haya ganado pero tambi\u00e9n se mostr\u00f3 a favor de sumar al ex gobernador Juan Schiaretti a la coalici\u00f3n. \u201cJuntos por el Cambio se achica, y no crece. Y del otro lado crecen\u201d, apunt\u00f3.<\/p>\n<p><img loading=\"lazy\" decoding=\"async\" class=\"aligncenter\" src=\"https:\/\/resizer.glanacion.com\/resizer\/BW6EjKyuXGVOk8PSrKWBCQNa1JI=\/1200x800\/filters:format(webp):quality(80):focal(495x445:505x435)\/cloudfront-us-east-1.images.arcpublishing.com\/lanacionar\/2PA5GYS3WVHL3AUMSFOKGVVZUA.jpg\" alt=\"Waldo Wolff se suma al proyecto de Jorge Macri en la Ciudad - LA NACION\" width=\"599\" height=\"399\" \/><\/p>\n<p>Por \u00faltimo, en la entrevista con Sebasti\u00e1n Alonso, Eduardo Vitali y equipo, habl\u00f3 de Javier Milei, con quien, seg\u00fan cont\u00f3, tiene una relaci\u00f3n muy cercana. \u201cTengo una buena relaci\u00f3n personal con Milei. Me siento identificado con muchos de sus valores pero no estoy de acuerdo con su forma de hacer pol\u00edtica\u201d, concluy\u00f3 una de las espadas de Juntos por el Cambio durante los \u00faltimos a\u00f1os.<\/p>\n","protected":false},"excerpt":{"rendered":"<p>El Secretario de Asuntos P\u00fablicos de CABA y precandidato por el Parlasur asegur\u00f3 que de cara a las PASO el ex intendente de Vicente L\u00f3pez es el nombre del oficialismo. Enfrentar\u00e1 a Mart\u00edn Lousteau de Evoluci\u00f3n, espacio pol\u00edtico del radicalismo que sell\u00f3 un acuerdo con&#8230;<\/p>\n","protected":false},"author":4,"featured_media":6473,"comment_status":"open","ping_status":"open","sticky":false,"template":"","format":"standard","meta":{"footnotes":""},"categories":[6,166,770],"tags":[1231,89,922,670,811,795,802,824,144,799,876,334,970],"_links":{"self":[{"href":"https:\/\/www.cuatrogiros.com\/4G\/wp-json\/wp\/v2\/posts\/6472"}],"collection":[{"href":"https:\/\/www.cuatrogiros.com\/4G\/wp-json\/wp\/v2\/posts"}],"about":[{"href":"https:\/\/www.cuatrogiros.com\/4G\/wp-json\/wp\/v2\/types\/post"}],"author":[{"embeddable":true,"href":"https:\/\/www.cuatrogiros.com\/4G\/wp-json\/wp\/v2\/users\/4"}],"replies":[{"embeddable":true,"href":"https:\/\/www.cuatrogiros.com\/4G\/wp-json\/wp\/v2\/comments?post=6472"}],"version-history":[{"count":2,"href":"https:\/\/www.cuatrogiros.com\/4G\/wp-json\/wp\/v2\/posts\/6472\/revisions"}],"predecessor-version":[{"id":6475,"href":"https:\/\/www.cuatrogiros.com\/4G\/wp-json\/wp\/v2\/posts\/6472\/revisions\/6475"}],"wp:featuredmedia":[{"embeddable":true,"href":"https:\/\/www.cuatrogiros.com\/4G\/wp-json\/wp\/v2\/media\/6473"}],"wp:attachment":[{"href":"https:\/\/www.cuatrogiros.com\/4G\/wp-json\/wp\/v2\/media?parent=6472"}],"wp:term":[{"taxonomy":"category","embeddable":true,"href":"https:\/\/www.cuatrogiros.com\/4G\/wp-json\/wp\/v2\/categories?post=6472"},{"taxonomy":"post_tag","embeddable":true,"href":"https:\/\/www.cuatrogiros.com\/4G\/wp-json\/wp\/v2\/tags?post=6472"}],"curies":[{"name":"wp","href":"https:\/\/api.w.org\/{rel}","templated":true}]}}