{"id":6743,"date":"2023-09-15T13:12:22","date_gmt":"2023-09-15T16:12:22","guid":{"rendered":"https:\/\/www.cuatrogiros.com\/4G\/?p=6743"},"modified":"2024-04-17T21:02:43","modified_gmt":"2024-04-18T00:02:43","slug":"si-milei-no-gana-en-primera-vuelta-y-va-a-balotaje-con-el-que-vaya-va-a-ganar","status":"publish","type":"post","link":"https:\/\/www.cuatrogiros.com\/4G\/si-milei-no-gana-en-primera-vuelta-y-va-a-balotaje-con-el-que-vaya-va-a-ganar\/","title":{"rendered":"\u201cSi Milei no gana en primera vuelta y va a balotaje, con el que vaya va a ganar\u201d"},"content":{"rendered":"<p><em>La Diputada provincial de Santa Fe Amalia Granata convers\u00f3 con Sebasti\u00e1n Alonso sobre las \u00faltimas elecciones en la provincia, sus proyectos y camino en pol\u00edtica. Habl\u00f3 adem\u00e1s sobre el fen\u00f3meno Milei y sus chances de ganar en octubre<\/em><\/p>\n<p>El domingo pasado se realizaron las elecciones locales en Santa Fe donde Maximiliano Pullaro gan\u00f3 la gobernaci\u00f3n con casi el 60% de los votos. Por su parte, Amalia Granata logr\u00f3 quedar en el tercer lugar para renovar su banca, aunque no pudo alcanzar el objetivo de tener el control de la C\u00e1mara.<\/p>\n<p>\u201cTodos tenemos expectativas con Maxi (Pullaro), fue compa\u00f1ero m\u00edo en Diputados. Es joven pero tiene experiencia gesti\u00f3n, fue Ministro en Seguridad, que es un tema delicado en Santa Fe y la Sociedad viene pidiendo que alguien con experiencia se ocupe de lo que est\u00e1 pasando. Vamos a darle una chance y ver c\u00f3mo va a ser este gobierno\u201d asegur\u00f3 la legisladora en relaci\u00f3n al flamante gobernador electo. Es importante destacar que en su lista, Granata no llevaba candidato a Gobernador.<\/p>\n<p>Por el lado de la actual gesti\u00f3n, Granata asegur\u00f3 que \u201cEn este per\u00edodo de Perotti no ha habido un plan espec\u00edfico de gesti\u00f3n en cuanto a la inseguridad. Cambi\u00f3 como cuatro veces de ministro de Seguridad, lo hizo tantas veces que no recuerdo ya la cantidad. No ha tenido un rumbo concreto para poder combatirla. La provincia tiene presupuesto para lo que se necesita de inversi\u00f3n, pero ten\u00e9s que tener un plan y abordarlo, pero este gobierno no ha tenido\u201d.<\/p>\n<p>Sobre la conformaci\u00f3n de su equipo en la Legislatura y los proyectos de trabajo, Granata sostuvo: \u201cVamos a ser un bloque de 7 diputados el a\u00f1o que viene. M\u00e1s que instalar, quiero empezar a tratar un mont\u00f3n de proyectos. Llevo ingresados 350 proyectos, que no se tratan, que quedan en las comisiones. Ahora va a ser diferente porque voy a tener diputados en todas las comisiones, yo hoy soy un monobloque y es dif\u00edcil que en distintas comisiones se muevan o que se traten y se voten en el recinto. Pero igual hay que ver la din\u00e1mica de la C\u00e1mara. En Santa Fe el que gana se lleva la mayor\u00eda que son 28 diputados, pero en JxC est\u00e1n todos mezclados, est\u00e1 el PRO, el socialismo, el radicalismo. El socialismo est\u00e1 fragmentado en dos, entre Clara Garc\u00eda y Bonfatti. Hay que ver c\u00f3mo queda ese bloque, que de por s\u00ed, ideol\u00f3gicamente, va a quedar fragmentado a la hora de votar. Tambi\u00e9n el bloque de Omar Perotti que son 10 diputados pero propios solo 5\u201d.<\/p>\n<p><img decoding=\"async\" src=\"https:\/\/arc-anglerfish-arc2-prod-infobae.s3.amazonaws.com\/public\/CSN4S6LDLJCEZKKPN2YWXCXYCQ.jpg\" alt=\"Antes de asumir, Amalia Granata renunci\u00f3 al partido con el que fue electa diputada - Infobae\" \/><\/p>\n<p>\u201cNosotros somos un bloque unido y hasta podemos ser mayor\u00eda si se empiezan a dividir porque va a ser una din\u00e1mica diferente. Es una ensalada rusa. Mucha gente no se enter\u00f3 que a JxC hoy lo representa el socialismo. Entre el PRO y el socialismo no se quieren entre s\u00ed. Tienen ideas totalmente opuestas y la gente de uno no se siente representado por el otro. Los propios de Clara Garc\u00eda son 6, si se rompe, yo quedar\u00eda con m\u00e1s diputados que la que gan\u00f3. Nosotros vamos a garantizar la gobernabilidad de Maxi, pero le vamos a marcar las cosas que hagan mal, nosotros somos oposici\u00f3n\u201d, sostuvo la Diputada sobre la situaci\u00f3n actual de las coaliciones en Santa Fe.<\/p>\n<p>En relaci\u00f3n a la subestimaci\u00f3n que siente con respecto al mundo de la pol\u00edtica, Granata agreg\u00f3: \u201cHay prejuicio porque vengo del mundo del espect\u00e1culo, pero mis compa\u00f1eros dentro de la c\u00e1mara vieron mi trabajo y mis proyectos. Al principio hab\u00eda una subestimaci\u00f3n, pero ya no lo pueden hacer porque conocen mi trabajo. Me he bancado mucho que mis propios compa\u00f1eros dijeran &#8216;esta no saca ni 2 votos con lo del aborto&#8217;. Sin el apoyo de los evang\u00e9licos y sin el tema del aborto, no solo consolid\u00e9 los votos del 2019, sino que los aument\u00e9 los votos que saqu\u00e9. La subestimaci\u00f3n ya no es v\u00e1lida desde ning\u00fan punto de vista, ni en mi trabajo legislativo ni de qui\u00e9n son los votos que yo saco cuando voy a una elecci\u00f3n\u201d.<\/p>\n<p>\u201cYo hice un acuerdo con el Partido Libertario de Santa Fe, que est\u00e1 consolidado. Su presidenta es la s\u00e9ptima diputada de mi lista y es la primera vez que en la C\u00e1mara de Diputados de Santa Fe que va a tener a una legisladora libertaria. Yo no participo mucho de la rosca, me llevo bien con todos, dialogo bien con todos pero hago mi trabajo y me voy. Ellos se toman cafecito, rosquear, hacen alianzas. A mi no me parece sano eso para la pol\u00edtica. No es algo en lo que me quiera involucrar, Eso te mantiene al margen de la \u00b4casta\u00b4\u201d. Sobre los temas de debate y sus posturas, agreg\u00f3: \u201cHubo un prejuicio y mi molde no encaj\u00f3. La gente dec\u00eda que los que est\u00e1n en contra del aborto son conservadores o extremistas. Se rompi\u00f3 ese prejuicio y se empez\u00f3 a hablar de ese tema\u201d asegur\u00f3.<\/p>\n<p><img decoding=\"async\" class=\"aligncenter\" src=\"https:\/\/media.urgente24.com\/p\/a3f99afd092dbb2f8b07beb64ad92f42\/adjuntos\/319\/imagenes\/002\/908\/0002908022\/amalia-granata.png\" alt=\"Amalia Granata sin Milei: Superamos la elecci\u00f3n del 2019\" \/><\/p>\n<p>Con vistas al panorama de las elecciones nacionales de octubre, expres\u00f3: \u201cDesde el sentido com\u00fan, si Milei no gana en primera vuelta, y va a balotaje, con el que vaya va a ganar. Si va con Massa, los votantes de Patricia no lo quieren a Massa, lo van a votar a \u00e9l. Si me llaman, nunca lo hab\u00eda pensado, soy muy prudente, me sentar\u00e9 a escuchar la propuesta, analizar\u00eda en ese caso si estoy capacitada para ese cargo, no agarrar\u00eda algo porque s\u00ed. Soy muy responsable a la hora de representar a la gente Si siento que puedo colaborar lo har\u00eda, pero no ha habido ninguna propuesta todav\u00eda\u201d.<\/p>\n","protected":false},"excerpt":{"rendered":"<p>La Diputada provincial de Santa Fe Amalia Granata convers\u00f3 con Sebasti\u00e1n Alonso sobre las \u00faltimas elecciones en la provincia, sus proyectos y camino en pol\u00edtica. Habl\u00f3 adem\u00e1s sobre el fen\u00f3meno Milei y sus chances de ganar en octubre El domingo pasado se realizaron las elecciones&#8230;<\/p>\n","protected":false},"author":4,"featured_media":6791,"comment_status":"open","ping_status":"open","sticky":false,"template":"","format":"standard","meta":{"footnotes":""},"categories":[6,770],"tags":[1231,1088,811,1032,795,1090,800,1089,876,334,168,329],"_links":{"self":[{"href":"https:\/\/www.cuatrogiros.com\/4G\/wp-json\/wp\/v2\/posts\/6743"}],"collection":[{"href":"https:\/\/www.cuatrogiros.com\/4G\/wp-json\/wp\/v2\/posts"}],"about":[{"href":"https:\/\/www.cuatrogiros.com\/4G\/wp-json\/wp\/v2\/types\/post"}],"author":[{"embeddable":true,"href":"https:\/\/www.cuatrogiros.com\/4G\/wp-json\/wp\/v2\/users\/4"}],"replies":[{"embeddable":true,"href":"https:\/\/www.cuatrogiros.com\/4G\/wp-json\/wp\/v2\/comments?post=6743"}],"version-history":[{"count":5,"href":"https:\/\/www.cuatrogiros.com\/4G\/wp-json\/wp\/v2\/posts\/6743\/revisions"}],"predecessor-version":[{"id":6749,"href":"https:\/\/www.cuatrogiros.com\/4G\/wp-json\/wp\/v2\/posts\/6743\/revisions\/6749"}],"wp:featuredmedia":[{"embeddable":true,"href":"https:\/\/www.cuatrogiros.com\/4G\/wp-json\/wp\/v2\/media\/6791"}],"wp:attachment":[{"href":"https:\/\/www.cuatrogiros.com\/4G\/wp-json\/wp\/v2\/media?parent=6743"}],"wp:term":[{"taxonomy":"category","embeddable":true,"href":"https:\/\/www.cuatrogiros.com\/4G\/wp-json\/wp\/v2\/categories?post=6743"},{"taxonomy":"post_tag","embeddable":true,"href":"https:\/\/www.cuatrogiros.com\/4G\/wp-json\/wp\/v2\/tags?post=6743"}],"curies":[{"name":"wp","href":"https:\/\/api.w.org\/{rel}","templated":true}]}}