{"id":6939,"date":"2023-11-07T22:35:01","date_gmt":"2023-11-08T01:35:01","guid":{"rendered":"https:\/\/www.cuatrogiros.com\/4G\/?p=6939"},"modified":"2024-04-17T20:51:22","modified_gmt":"2024-04-17T23:51:22","slug":"no-fuimos-buenos-con-el-gobierno-fuimos-buenos-con-los-intereses-de-la-clase-trabajadora","status":"publish","type":"post","link":"https:\/\/www.cuatrogiros.com\/4G\/no-fuimos-buenos-con-el-gobierno-fuimos-buenos-con-los-intereses-de-la-clase-trabajadora\/","title":{"rendered":"\u201cLa gesti\u00f3n de Alberto confundi\u00f3 moderaci\u00f3n con vacilaci\u00f3n\u201d"},"content":{"rendered":"<p><em>En Cuatro Giros Radio, Sebasti\u00e1n Alonso dialog\u00f3 con el Secretario General de la CTA y Diputado Nacional del oficialismo Hugo Yasky sobre la definici\u00f3n por la presidencia de la Argentina e hizo un balance de la gesti\u00f3n de Alberto Fern\u00e1ndez y el rol que ocuparon los sindicatos durante el gobierno.<\/em><\/p>\n<p>\u201cLa irrupci\u00f3n de una disputa que tiene que ver con el intento de reescribir la historia, o derogar lo que fue el pacto fundante de la democracia y de estos 40 a\u00f1os de democracia, que fue el juicio a la Junta y el nunca m\u00e1s, la pol\u00edtica de memoria, la de justicia. Lo que qued\u00f3 como pol\u00edtica de Estado, que hubo un genocidio, un terrorismo de Estado, en el gobierno de N\u00e9stor Kirchner, el propio presidente de la Naci\u00f3n, pidi\u00f3 perd\u00f3n en nombre del Estado argentino a las v\u00edctimas. Hoy aparece una tendencia, aparentemente inocente, que pretende instalar otra mirada, que no hubo un genocidio ni terrorismo de Estado, sino que hubo un enfrentamiento entre dos bandos que cometieron excesos y si fue un enfrentamiento entre dos bandos, podr\u00eda pasar en el futuro que esos bandos volvieran a enfrentarse, que volviera a haber excesos de una parte o de la otra, con lo cual las v\u00edctimas, los que sobrevivieron a la tortura o los familiares de los que desaparecieron, podr\u00edan empezar a sentir en carne propia que todo lo que pas\u00f3 no sirvi\u00f3 para nada y que todo lo que pas\u00f3 volver\u00eda o pod\u00eda volver a pasar. Esa es la discusi\u00f3n que no es para nada ingenua\u201d asegur\u00f3 en el comienzo de la charla Hugo Yasky en una clara alusi\u00f3n a lo que sostiene es la intensi\u00f3n pol\u00edtica del espacio de Javier Milei y algunos fragmentos de lo que el candidato libertario expres\u00f3 en el debate presidencial.<\/p>\n<p>En relaci\u00f3n al acercamiento existente desde algunos sectores del radicalismo tras el acuerdo del PRO con la Libertad Avanza y la fractura en Juntos por el Cambio, el dirigente sindical y Diputado Nacional sostuvo: \u201cYo creo que hubo temas en los que construimos proyectos importantes y caminamos juntos. Me viene a la memoria el tema de la ley del aborto p\u00fablico y gratuito. Hubo otros que tienen que ver con los derechos de las mujeres. Es decir, ya pas\u00f3, entiendo que en la perspectiva de cultura que tenemos ser\u00eda todav\u00eda m\u00e1s necesario que volviera a suceder en temas que son transversales aquellas cosas que tenemos por lo menos una ra\u00edz vinculada al movimiento popular en la Argentina. El tema de derechos parece que con el radicalismo ya hab\u00eda algunas l\u00edneas en com\u00fan\u201d<\/p>\n<p><img decoding=\"async\" class=\"aligncenter\" src=\"https:\/\/www.primeraedicion.com.ar\/wp-content\/uploads\/2019\/11\/Yasky.jpeg\" alt=\"El l\u00edder de la CTA cruz\u00f3 a Macri y a los empresarios - Primera Edici\u00f3n\" \/><\/p>\n<p>Con respecto al rol de la Vicepresidenta durante la campa\u00f1a, Yasky afirm\u00f3: \u201cme parece que fue correcto la decisi\u00f3n que tom\u00f3 Cristina porque hubiese servido solamente para que los sectores que quieren hacer campa\u00f1a con la estigmatizaci\u00f3n del kirchnerismo de Cristina lo usen como para asustar a las personas. Muestra tambi\u00e9n la generosidad que tiene porque entiende que es un momento en el que tenemos que lograr fortalecer la figura de Sergio Massa a nivel nacional\u201d<\/p>\n<p>\u201cLas paritarias vienen con mucha din\u00e1mica. Casi no es noticia que todos los d\u00edas va habiendo una paritaria que recupera el poder adquisitivo. Es cierto que todos los d\u00edas aumentan los precios y esa es la cadena en la que estamos. Hay un sector que es el que recibi\u00f3 el beneficio de la eliminaci\u00f3n del impuesto a ganancias que lo ha cobrado este mes y ha visto un impacto importante en sus bolsillos. El tema de la devoluci\u00f3n del IVA sobre la compra de alimentos es otro camino que yo creo que forma parte de estrategias que est\u00e1n por fuera de la discusi\u00f3n en paritaria y que son las que va a haber que poner en pr\u00e1ctica para complementar lo que se discute en paritaria. Creo que est\u00e1 en un camino que es el correcto que hay que profundizar y que hay que desplegar con otras iniciativas que habr\u00e1 que pensar como parte de una estrategia para impedir que sean los asalariados los que paguen los platos rotos. Pero evidentemente el tema de la inflaci\u00f3n es el gran tema que hay que resolver y en ese sentido conf\u00edo en que en nuevos gobiernos en los que a veces se envasa hay que pelear para ganar la elecci\u00f3n, pero si ser\u00e1 as\u00ed tenemos la oportunidad de tener un gobierno m\u00e1s fuerte para enfrentar este tema\u201d sostuvo acerca de las medidas tomadas por el Ministro y candidato Sergio Massa.<\/p>\n<p><img loading=\"lazy\" decoding=\"async\" class=\"aligncenter\" src=\"https:\/\/provinciaradio.com.ar\/images\/IMG-dd8eddfe-45f3-41f1-b284-86a9aeb8737f.jpg\" alt=\"HUGO YASKY: \u201cMASSA TIENE LA VOLUNTAD DE TOMAR EL TORO POR LAS ASTAS\u201d\" width=\"738\" height=\"443\" \/><\/p>\n<p>En relaci\u00f3n al Presidente, su gesti\u00f3n y la poca aparici\u00f3n p\u00fablica del \u00faltimo tiempo asegur\u00f3: \u201ccreo que la consecuencia de una gesti\u00f3n que tuvo cosas que fueron buenas, seguramente con los a\u00f1os se van a rescatar momentos de este gobierno que respet\u00f3 los derechos humanos, que respet\u00f3 las minor\u00edas, que jam\u00e1s persigui\u00f3 a nadie, que no intervino el partido de la oposici\u00f3n como lo intervino Macri. Pero en momentos tan turbulentos donde existe esta inflaci\u00f3n, que es la herramienta que tienen los que concentran la riqueza para que en momentos de crisis como las que vive el mundo y la Argentina donde las monedas se debilitan, esos se apropian de una parte mayor en la que les corresponder\u00eda que decidieran simplemente la leyes del capitalismo, del capitalismo anual. Esa es la verdad de la minor\u00eda. Frente a eso, yo creo que la gesti\u00f3n de Alberto Fern\u00e1ndez confundi\u00f3 moderaci\u00f3n con vacilaci\u00f3n\u201d<\/p>\n<p>A su vez, habl\u00f3 sobre el rol de lo sindicatos, el cual muchos acusan de bondadosos ante la situaci\u00f3n actual y que en otros casos hubiesen reaccionado de una manera mucho m\u00e1s combativa: \u201cno fuimos buenos con el gobierno, fuimos buenos con nuestros propios intereses como clase trabajadora, porque con estos mismos n\u00fameros, Macri o Milei, si llegan al gobierno, van a pasar por arriba de los trabajadores, no va a quedar t\u00edtere con cabeza, no va a haber paritaria, no va a haber jubilaci\u00f3n, no va a haber educaci\u00f3n p\u00fablica, la crisis para ellos sirve para desfondar los derechos de los trabajadores, y Macri, menos expl\u00edcito, lo intent\u00f3 hacer, lo que pasa es que no pudo avanzar, el conflicto lo gener\u00f3 Macri, el d\u00eda que dijo no hay m\u00e1s paritaria, el d\u00eda que quiso meter la reforma laboral por la ventana, copiar la de Bolsonaro, ese fue el conflicto, nosotros si hubi\u00e9semos hecho paro, hubi\u00e9semos enfrentado a un gobierno que no abr\u00eda las puertas para las paritarias libres, a un gobierno que defend\u00eda y intentaba sostener la parte m\u00e1s d\u00e9bil que era el laborante, con todas las vacunaciones que tuvo, si hubi\u00e9semos enfrentado, nos hubiesen aplaudido los de la sociedad rural, los de la embajada yanqui, si hubi\u00e9semos sido los campeones de la democracia\u201d<\/p>\n<p>Por \u00faltimo, analiz\u00f3 el rol que podr\u00edan cumplir los sindicatos en caso de que el candidato libertario lograra llegar a la presidencia, donde si se mostrar\u00edan combativos \u201csi se decidiera a cumplir todo lo que est\u00e1 prometiendo, eliminar la educaci\u00f3n p\u00fablica, terminar con las universidades, estallar un ministerio, echar gente, eliminar planes\u201d, y ante el comentario sobre la suavizaci\u00f3n del discurso, asegur\u00f3 en tono burl\u00f3n \u201cEl intento de ponerle un poco de siloca\u00edna, como cuando vas al quir\u00f3fano, que antes te anestesien un poquito para que te relajes\u201d.<\/p>\n","protected":false},"excerpt":{"rendered":"<p>En Cuatro Giros Radio, Sebasti\u00e1n Alonso dialog\u00f3 con el Secretario General de la CTA y Diputado Nacional del oficialismo Hugo Yasky sobre la definici\u00f3n por la presidencia de la Argentina e hizo un balance de la gesti\u00f3n de Alberto Fern\u00e1ndez y el rol que ocuparon&#8230;<\/p>\n","protected":false},"author":4,"featured_media":6940,"comment_status":"open","ping_status":"open","sticky":false,"template":"","format":"standard","meta":{"footnotes":""},"categories":[6,770],"tags":[1231,80,1174,455,1171,811,795,1173,1177,896,802,847,824,1175,827,979,897,799,1176,876,334,1172,593,978,1170],"_links":{"self":[{"href":"https:\/\/www.cuatrogiros.com\/4G\/wp-json\/wp\/v2\/posts\/6939"}],"collection":[{"href":"https:\/\/www.cuatrogiros.com\/4G\/wp-json\/wp\/v2\/posts"}],"about":[{"href":"https:\/\/www.cuatrogiros.com\/4G\/wp-json\/wp\/v2\/types\/post"}],"author":[{"embeddable":true,"href":"https:\/\/www.cuatrogiros.com\/4G\/wp-json\/wp\/v2\/users\/4"}],"replies":[{"embeddable":true,"href":"https:\/\/www.cuatrogiros.com\/4G\/wp-json\/wp\/v2\/comments?post=6939"}],"version-history":[{"count":3,"href":"https:\/\/www.cuatrogiros.com\/4G\/wp-json\/wp\/v2\/posts\/6939\/revisions"}],"predecessor-version":[{"id":6956,"href":"https:\/\/www.cuatrogiros.com\/4G\/wp-json\/wp\/v2\/posts\/6939\/revisions\/6956"}],"wp:featuredmedia":[{"embeddable":true,"href":"https:\/\/www.cuatrogiros.com\/4G\/wp-json\/wp\/v2\/media\/6940"}],"wp:attachment":[{"href":"https:\/\/www.cuatrogiros.com\/4G\/wp-json\/wp\/v2\/media?parent=6939"}],"wp:term":[{"taxonomy":"category","embeddable":true,"href":"https:\/\/www.cuatrogiros.com\/4G\/wp-json\/wp\/v2\/categories?post=6939"},{"taxonomy":"post_tag","embeddable":true,"href":"https:\/\/www.cuatrogiros.com\/4G\/wp-json\/wp\/v2\/tags?post=6939"}],"curies":[{"name":"wp","href":"https:\/\/api.w.org\/{rel}","templated":true}]}}