{"id":7016,"date":"2023-12-06T12:54:45","date_gmt":"2023-12-06T15:54:45","guid":{"rendered":"https:\/\/www.cuatrogiros.com\/4G\/?p=7016"},"modified":"2024-04-17T20:47:15","modified_gmt":"2024-04-17T23:47:15","slug":"quien-es-florencia-cambareri-la-activista-premiada","status":"publish","type":"post","link":"https:\/\/www.cuatrogiros.com\/4G\/quien-es-florencia-cambareri-la-activista-premiada\/","title":{"rendered":"\u00bfQui\u00e9n es Florencia Cambareri, la activista premiada?"},"content":{"rendered":"<p><em>Activista, influencer e Instagramer del a\u00f1o; qui\u00e9n es la persona detr\u00e1s de \u201cRepensar la discapacidad\u201d (@repensar.la.discapacidad) que logr\u00f3 la publicaci\u00f3n m\u00e1s likeada en la nominaci\u00f3n de Ciudad Magazine.<\/em><\/p>\n<p>Florencia Cambareri, activista por los derechos de las Personas con Discapacidad y la Diversidad, qui\u00e9n a trav\u00e9s de una cuenta de Instagram cuenta su experiencia personal, rompe mitos e informa sobre discapacidad para que \u201cse naturalice cada vez m\u00e1s, as\u00ed dejamos de hablar de inclusi\u00f3n y pasamos a hablar de convivencia\u201d.<\/p>\n<p>En comunicaci\u00f3n con Sebasti\u00e1n Alonso, por #CuatroGirosRadio a trav\u00e9s de FM LATE, cont\u00f3 su historia de vida y explic\u00f3 los motivos de la discapacidad que posee de nacimiento: \u201cMi mam\u00e1 estaba cursando un embarazo normal y un d\u00eda se sinti\u00f3 mal, llam\u00f3 a su obstetra, que le dijo venite ya. Nac\u00ed con 1kg y monedas, al momento de nacer yo tuve una hipoxia, que es falta de ox\u00edgeno en el cerebro, y eso me produjo una discapacidad que es la par\u00e1lisis cerebral, que tiene muchas manifestaciones, pero en mi caso afect\u00f3 al movimiento de mis piernas, pies y manos\u201d.<\/p>\n<p>\u201cCuando nac\u00ed no hab\u00eda tanto conocimiento ni innovaci\u00f3n tecnol\u00f3gica como ahora. Comenc\u00e9 con los tratamientos a mis 8 meses, me sacaron el certificado de discapacidad, que no sab\u00edan que me habilitaba a m\u00ed a mi cobertura y cumplimientos de mis derechos. Entonces, mi pap\u00e1 pag\u00f3 todos los tratamientos desde su bolsillo, hasta que un d\u00eda un compa\u00f1ero de trabajo le dijo que a su hija le ten\u00edan que cubrir todo. Yo los vi privarse de cosas\u201d, explic\u00f3.<\/p>\n<p>Es por estos casos que la informaci\u00f3n sobre temas de salud tiene una gran importancia, y es lo que la llev\u00f3 a comenzar a brindar informaci\u00f3n desde los medios que cuenta sobre Discapacidad y Diversidad: \u201cNo quiero que otras personas pasen por lo que yo pas\u00e9 y por lo que pas\u00f3 mi familia, de estar trabajando 15 o 20 horas para poder acceder a los tratamientos\u201d, y agreg\u00f3: \u201cCuando abr\u00ed el Instagram me di cuenta de que me encantaba comunicar y que quer\u00eda ir por ese camino\u201d.<\/p>\n<p>Si bien es Licenciada en Recursos Humanos y en el 2021 comenz\u00f3 a estudiar Periodismo, uno de los grandes problemas que padece es la imposibilidad que tiene para conseguir trabajo. Seg\u00fan cuenta \u201clas personas con discapacidad somos casi el 13% de la poblaci\u00f3n. De ese 13%, el 80% en edad econ\u00f3micamente activa no tenemos trabajo, yo soy una de ellas. Nunca tuve una oportunidad laboral\u201d.<\/p>\n<p>\u201cEs un c\u00edrculo vicioso, tenemos problemas en lo que es el \u00e1rea de salud, pero hay gente que no; en lo que es el estudio; y al no tener trabajo, si necesitamos costear una instituci\u00f3n privada porque no tenemos una p\u00fablica cerca, no podemos porque no tenemos trabajo. No ten\u00e9s una cosa y no pod\u00e9s acceder a la otra. Mi gran problema tiene que ver con que yo vivo en la ciudad de San Miguel, y es una ciudad sumamente residencial, no hay demasiadas oportunidades para encontrar trabajo\u201d, cont\u00f3.<\/p>\n<p>Otra de las grandes problem\u00e1ticas que tienen las personas con una discapacidad es la de viajar en transporte p\u00fablico, Florencia relat\u00f3 como lucha d\u00eda a d\u00eda con esta problem\u00e1tica: \u201cLos transportes p\u00fablicos no est\u00e1n adaptados. La estaci\u00f3n de tren m\u00e1s cercana tiene dos escaleras. Hemos hecho una cantidad de reclamos con mi familia hasta que un d\u00eda nos contestaron que ellos no pod\u00edan poner ni un ascensor ni una escalera mec\u00e1nica ni nada. Yo no puedo viajar en transporte p\u00fablico porque no est\u00e1 adaptado. Eso me impide el contacto con Capital, donde hay mucha m\u00e1s oportunidad laboral y empresas inclusivas\u201d, cerr\u00f3.<\/p>\n<p>Por \u00faltimo, habl\u00f3 de sus deseos para el 2024: \u201cMe gustar\u00eda conseguir un trabajo y retomar los estudios\u201d.<\/p>\n","protected":false},"excerpt":{"rendered":"<p>Activista, influencer e Instagramer del a\u00f1o; qui\u00e9n es la persona detr\u00e1s de \u201cRepensar la discapacidad\u201d (@repensar.la.discapacidad) que logr\u00f3 la publicaci\u00f3n m\u00e1s likeada en la nominaci\u00f3n de Ciudad Magazine. Florencia Cambareri, activista por los derechos de las Personas con Discapacidad y la Diversidad, qui\u00e9n a trav\u00e9s&#8230;<\/p>\n","protected":false},"author":6,"featured_media":7017,"comment_status":"open","ping_status":"open","sticky":false,"template":"","format":"standard","meta":{"footnotes":""},"categories":[2,187,64,770,35],"tags":[1207,795,1204,1205,190,876,334,1206,1203],"_links":{"self":[{"href":"https:\/\/www.cuatrogiros.com\/4G\/wp-json\/wp\/v2\/posts\/7016"}],"collection":[{"href":"https:\/\/www.cuatrogiros.com\/4G\/wp-json\/wp\/v2\/posts"}],"about":[{"href":"https:\/\/www.cuatrogiros.com\/4G\/wp-json\/wp\/v2\/types\/post"}],"author":[{"embeddable":true,"href":"https:\/\/www.cuatrogiros.com\/4G\/wp-json\/wp\/v2\/users\/6"}],"replies":[{"embeddable":true,"href":"https:\/\/www.cuatrogiros.com\/4G\/wp-json\/wp\/v2\/comments?post=7016"}],"version-history":[{"count":1,"href":"https:\/\/www.cuatrogiros.com\/4G\/wp-json\/wp\/v2\/posts\/7016\/revisions"}],"predecessor-version":[{"id":7018,"href":"https:\/\/www.cuatrogiros.com\/4G\/wp-json\/wp\/v2\/posts\/7016\/revisions\/7018"}],"wp:featuredmedia":[{"embeddable":true,"href":"https:\/\/www.cuatrogiros.com\/4G\/wp-json\/wp\/v2\/media\/7017"}],"wp:attachment":[{"href":"https:\/\/www.cuatrogiros.com\/4G\/wp-json\/wp\/v2\/media?parent=7016"}],"wp:term":[{"taxonomy":"category","embeddable":true,"href":"https:\/\/www.cuatrogiros.com\/4G\/wp-json\/wp\/v2\/categories?post=7016"},{"taxonomy":"post_tag","embeddable":true,"href":"https:\/\/www.cuatrogiros.com\/4G\/wp-json\/wp\/v2\/tags?post=7016"}],"curies":[{"name":"wp","href":"https:\/\/api.w.org\/{rel}","templated":true}]}}